{"id":1041,"date":"2017-03-17T13:10:45","date_gmt":"2017-03-17T11:10:45","guid":{"rendered":"http:\/\/www.keszpenz.hu\/?p=1041"},"modified":"2024-06-05T10:25:19","modified_gmt":"2024-06-05T08:25:19","slug":"kiado-iroda-53-m2-63-m2","status":"publish","type":"post","link":"http:\/\/www.keszpenz.hu\/?p=1041","title":{"rendered":"Kiad\u00f3 IRODA 63 m2"},"content":{"rendered":"<p><img decoding=\"async\" loading=\"lazy\" class=\"alignleft size-medium wp-image-1043\" src=\"http:\/\/www.keszpenz.hu\/wp-content\/uploads\/2017\/03\/b140\u00e9p\u00fclet-177x133.jpg\" alt=\"\" width=\"177\" height=\"133\" srcset=\"http:\/\/www.keszpenz.hu\/wp-content\/uploads\/2017\/03\/b140\u00e9p\u00fclet-177x133.jpg 177w, http:\/\/www.keszpenz.hu\/wp-content\/uploads\/2017\/03\/b140\u00e9p\u00fclet-180x134.jpg 180w, http:\/\/www.keszpenz.hu\/wp-content\/uploads\/2017\/03\/b140\u00e9p\u00fclet-768x576.jpg 768w, http:\/\/www.keszpenz.hu\/wp-content\/uploads\/2017\/03\/b140\u00e9p\u00fclet-990x742.jpg 990w, http:\/\/www.keszpenz.hu\/wp-content\/uploads\/2017\/03\/b140\u00e9p\u00fclet-60x45.jpg 60w, http:\/\/www.keszpenz.hu\/wp-content\/uploads\/2017\/03\/b140\u00e9p\u00fclet-400x300.jpg 400w, http:\/\/www.keszpenz.hu\/wp-content\/uploads\/2017\/03\/b140\u00e9p\u00fclet.jpg 1280w\" sizes=\"(max-width: 177px) 100vw, 177px\" \/><\/p>\n<p>Kiad\u00f3 egy 63 n\u00e9gyzetm\u00e9teres, k\u00e9t irodahelyis\u00e9gb\u0151l, teakonyh\u00e1b\u00f3l, WC+mosd\u00f3b\u00f3l \u00e1ll\u00f3, kl\u00edm\u00e1s iroda.<\/p>\n<p><strong>Jellemz\u0151k:<\/strong><br \/>\nAlapter\u00fclet: <strong>6<\/strong><strong>3 m2<\/strong><br \/>\nB\u00e9rleti d\u00edj: <strong>2.500 Ft \/ m2 \/ h\u00f3 + \u00c1fa + rezsi<\/strong><br \/>\nFelszerelts\u00e9g: kl\u00edma, saj\u00e1t (villany, g\u00e1z, v\u00edz) m\u00e9r\u0151\u00f3r\u00e1kkal<\/p>\n<p><strong>\u00c9dekl\u0151dni:<\/strong><br \/>\nTizer Attila<br \/>\n22\/340-975<br \/>\n20\/583-7001<br \/>\ne-mail: tizer.attila@keszpenz.hu<\/p>\n","protected":false},"excerpt":{"rendered":"<p>Kiad\u00f3 egy 63 n\u00e9gyzetm\u00e9teres, k\u00e9t irodahelyis\u00e9gb\u0151l, teakonyh\u00e1b\u00f3l, WC+mosd\u00f3b\u00f3l \u00e1ll\u00f3, kl\u00edm\u00e1s iroda. Jellemz\u0151k: Alapter\u00fclet: 63 m2 B\u00e9rleti d\u00edj: 2.500 Ft \/ m2 \/ h\u00f3 + \u00c1fa + rezsi Felszerelts\u00e9g: kl\u00edma, saj\u00e1t (villany, g\u00e1z, v\u00edz) m\u00e9r\u0151\u00f3r\u00e1kkal \u00c9dekl\u0151dni: Tizer Attila 22\/340-975 20\/583-7001 e-mail: &hellip; <a href=\"http:\/\/www.keszpenz.hu\/?p=1041\">Continue reading <span class=\"meta-nav\">&rarr;<\/span><\/a><\/p>\n","protected":false},"author":3,"featured_media":1042,"comment_status":"closed","ping_status":"closed","sticky":false,"template":"","format":"standard","meta":[],"categories":[35],"tags":[],"_links":{"self":[{"href":"http:\/\/www.keszpenz.hu\/index.php?rest_route=\/wp\/v2\/posts\/1041"}],"collection":[{"href":"http:\/\/www.keszpenz.hu\/index.php?rest_route=\/wp\/v2\/posts"}],"about":[{"href":"http:\/\/www.keszpenz.hu\/index.php?rest_route=\/wp\/v2\/types\/post"}],"author":[{"embeddable":true,"href":"http:\/\/www.keszpenz.hu\/index.php?rest_route=\/wp\/v2\/users\/3"}],"replies":[{"embeddable":true,"href":"http:\/\/www.keszpenz.hu\/index.php?rest_route=%2Fwp%2Fv2%2Fcomments&post=1041"}],"version-history":[{"count":19,"href":"http:\/\/www.keszpenz.hu\/index.php?rest_route=\/wp\/v2\/posts\/1041\/revisions"}],"predecessor-version":[{"id":1308,"href":"http:\/\/www.keszpenz.hu\/index.php?rest_route=\/wp\/v2\/posts\/1041\/revisions\/1308"}],"wp:featuredmedia":[{"embeddable":true,"href":"http:\/\/www.keszpenz.hu\/index.php?rest_route=\/wp\/v2\/media\/1042"}],"wp:attachment":[{"href":"http:\/\/www.keszpenz.hu\/index.php?rest_route=%2Fwp%2Fv2%2Fmedia&parent=1041"}],"wp:term":[{"taxonomy":"category","embeddable":true,"href":"http:\/\/www.keszpenz.hu\/index.php?rest_route=%2Fwp%2Fv2%2Fcategories&post=1041"},{"taxonomy":"post_tag","embeddable":true,"href":"http:\/\/www.keszpenz.hu\/index.php?rest_route=%2Fwp%2Fv2%2Ftags&post=1041"}],"curies":[{"name":"wp","href":"https:\/\/api.w.org\/{rel}","templated":true}]}}