{"id":504,"date":"2015-08-06T15:25:27","date_gmt":"2015-08-06T13:25:27","guid":{"rendered":"http:\/\/keszpenz.hu\/?p=504"},"modified":"2015-10-27T11:33:46","modified_gmt":"2015-10-27T09:33:46","slug":"2007-inkubatorhaz-i","status":"publish","type":"post","link":"http:\/\/www.keszpenz.hu\/?p=504","title":{"rendered":"2007, Inkub\u00e1torh\u00e1z I."},"content":{"rendered":"<p style=\"text-align: justify;\">A csarnok a K\u00e9szp\u00e9nz Kft. tulajdon\u00e1ban l\u00e9v\u0151 D\u00e9li Ipari Parkban helyezkedik el. A park elhelyezked\u00e9se t\u00f6k\u00e9letes. K\u00f6zel van mind a belv\u00e1roshoz, mind az M7-es aut\u00f3p\u00e1ly\u00e1hoz. A park teljesen k\u00f6zm\u0171ves\u00edtett.<\/p>\n<p style=\"text-align: justify;\">A csarnok vasbeton v\u00e1z szerkezet\u0171, \u00e9s szendvics panel bor\u00edt\u00e1s\u00fa. A csarnok 4 db 1000 m2-es raszterb\u0151l \u00e1ll, melyb\u0151l kett\u0151h\u00f6z tartozik k\u00e9tszer 135 m2 irodahelyis\u00e9g. Az \u00e9p\u00fclet teljesen k\u00f6rbej\u00e1rhat\u00f3 teheraut\u00f3val. Az 1000 m2-es raszterek tov\u00e1bb oszthat\u00f3ak, \u00edgy 8 k\u00fcl\u00f6n\u00e1ll\u00f3, k\u00fcl\u00f6n m\u00e9r\u0151\u00f3r\u00e1kkal ell\u00e1tott helyis\u00e9g alak\u00edthat\u00f3 ki, 8 egym\u00e1st\u00f3l f\u00fcggetlen\u00fcl m\u0171k\u00f6d\u0151 v\u00e1llalkoz\u00e1s sz\u00e1m\u00e1ra. A teheraut\u00f3k sz\u00e1m\u00e1ra 5x5m-es szekcion\u00e1lt ipari kapuk ker\u00fcltek be\u00e9p\u00edt\u00e9sre, melyeken kereszt\u00fcl a 24 t-\u00e1s kamionok be\u00e1ll\u00e1sa is biztos\u00edtott. Az \u00e9p\u00fclet belmagass\u00e1ga 9,5 m-r\u0151l indul, \u00e9s a legmagasabb pontj\u00e1n 11,5 m.<\/p>\n<p style=\"text-align: justify;\">\u00c1tad\u00e1s \u00e9ve: 2007<\/p>\n","protected":false},"excerpt":{"rendered":"<p>A csarnok a K\u00e9szp\u00e9nz Kft. tulajdon\u00e1ban l\u00e9v\u0151 D\u00e9li Ipari Parkban helyezkedik el. A park elhelyezked\u00e9se t\u00f6k\u00e9letes. K\u00f6zel van mind a belv\u00e1roshoz, mind az M7-es aut\u00f3p\u00e1ly\u00e1hoz. A park teljesen k\u00f6zm\u0171ves\u00edtett. A csarnok vasbeton v\u00e1z szerkezet\u0171, \u00e9s szendvics panel bor\u00edt\u00e1s\u00fa. A csarnok &hellip; <a href=\"http:\/\/www.keszpenz.hu\/?p=504\">Continue reading <span class=\"meta-nav\">&rarr;<\/span><\/a><\/p>\n","protected":false},"author":1,"featured_media":750,"comment_status":"closed","ping_status":"closed","sticky":false,"template":"","format":"standard","meta":[],"categories":[37],"tags":[],"_links":{"self":[{"href":"http:\/\/www.keszpenz.hu\/index.php?rest_route=\/wp\/v2\/posts\/504"}],"collection":[{"href":"http:\/\/www.keszpenz.hu\/index.php?rest_route=\/wp\/v2\/posts"}],"about":[{"href":"http:\/\/www.keszpenz.hu\/index.php?rest_route=\/wp\/v2\/types\/post"}],"author":[{"embeddable":true,"href":"http:\/\/www.keszpenz.hu\/index.php?rest_route=\/wp\/v2\/users\/1"}],"replies":[{"embeddable":true,"href":"http:\/\/www.keszpenz.hu\/index.php?rest_route=%2Fwp%2Fv2%2Fcomments&post=504"}],"version-history":[{"count":1,"href":"http:\/\/www.keszpenz.hu\/index.php?rest_route=\/wp\/v2\/posts\/504\/revisions"}],"predecessor-version":[{"id":505,"href":"http:\/\/www.keszpenz.hu\/index.php?rest_route=\/wp\/v2\/posts\/504\/revisions\/505"}],"wp:featuredmedia":[{"embeddable":true,"href":"http:\/\/www.keszpenz.hu\/index.php?rest_route=\/wp\/v2\/media\/750"}],"wp:attachment":[{"href":"http:\/\/www.keszpenz.hu\/index.php?rest_route=%2Fwp%2Fv2%2Fmedia&parent=504"}],"wp:term":[{"taxonomy":"category","embeddable":true,"href":"http:\/\/www.keszpenz.hu\/index.php?rest_route=%2Fwp%2Fv2%2Fcategories&post=504"},{"taxonomy":"post_tag","embeddable":true,"href":"http:\/\/www.keszpenz.hu\/index.php?rest_route=%2Fwp%2Fv2%2Ftags&post=504"}],"curies":[{"name":"wp","href":"https:\/\/api.w.org\/{rel}","templated":true}]}}