{"id":506,"date":"2015-08-06T15:26:18","date_gmt":"2015-08-06T13:26:18","guid":{"rendered":"http:\/\/keszpenz.hu\/?p=506"},"modified":"2015-10-27T11:33:26","modified_gmt":"2015-10-27T09:33:26","slug":"2009-logisztikai-csarnok","status":"publish","type":"post","link":"http:\/\/www.keszpenz.hu\/?p=506","title":{"rendered":"2009, Logisztikai csarnok"},"content":{"rendered":"<div style=\"text-align: justify;\">\n<div>A 2000-ben l\u00e9tes\u00edtett D\u00e9li Ipari Parkon bel\u00fcl, az I. sz\u00e1m\u00fa Inkub\u00e1torh\u00e1z mellett \u00e9p\u00edtett\u00fcnk fel,\u00a0a mai\u00a0kor m\u0171szaki\u00a0k\u00f6vetelm\u00e9nyeinek mindenben\u00a0megfelel\u0151, logisztikai csarnokot.<\/div>\n<div><\/div>\n<div>\u00c1tad\u00e1s \u00e9ve: 2009<\/div>\n<div><\/div>\n<div><b>A projekt az Eur\u00f3pai Uni\u00f3 t\u00e1mogat\u00e1s\u00e1val, az Eur\u00f3pai region\u00e1lis Fejleszt\u00e9si Alap t\u00e1rsfinansz\u00edroz\u00e1s\u00e1val val\u00f3sult meg.<\/b><\/div>\n<div><\/div>\n<div>A megp\u00e1ly\u00e1zott projekt neve: Fedett rakt\u00e1roz\u00e1si kapacit\u00e1s n\u00f6vel\u00e9s\u00e9vel, valamint eszk\u00f6z\u00f6k beszerz\u00e9s\u00e9vel \u00e9s informatikai fejleszt\u00e9ssel logisztikai szolg\u00e1ltat\u00e1sok fejleszt\u00e9se a K\u00e9szp\u00e9nz Invest Kft.-n\u00e9l.<\/div>\n<div><\/div>\n<div><\/div>\n<div>A projektben k\u00f6zrem\u0171k\u00f6d\u0151 \u00e1llami szervezetek:<\/div>\n<div><\/div>\n<div>Nemzeti Fejleszt\u00e9si \u00dcgyn\u00f6ks\u00e9g,\u00a0<a href=\"http:\/\/www.nfu.hu\/\">www.nfu.hu<\/a><\/div>\n<div><\/div>\n<div>Magyar Gazdas\u00e1gfejleszt\u00e9si K\u00f6zpont, <a href=\"http:\/\/www.magzrt.hu\/\">www.magzrt.hu<\/a><\/div>\n<div><\/div>\n<div>Magyar V\u00e1llalkoz\u00e1sfinansz\u00edroz\u00e1si Zrt., <a href=\"http:\/\/www.mvzrt.hu\/\">www.mvzrt.hu<\/a><\/div>\n<div><\/div>\n<div><\/div>\n<div><\/div>\n<div>A projekt kedvezm\u00e9nyezettje:<\/div>\n<div>K\u00e9szp\u00e9nz Invest Szolg\u00e1ltat\u00f3 \u00e9s Kereskedelmi Kft.<\/div>\n<div>El\u00e9rhet\u0151s\u00e9ge:\u00a0<a href=\"http:\/\/www.keszpenz.hu\/\">www.keszpenz.hu<\/a>,\u00a0<a href=\"mailto:titkarsag@keszpenz.hu\">titkarsag@keszpenz.hu<\/a>, 06-22\/505-349<\/div>\n<div><\/div>\n<div><\/div>\n<div>A csarnok jellemz\u0151i:<\/div>\n<div><\/div>\n<div>A rakt\u00e1rh\u00e1z a sz\u00e9kesfeh\u00e9rv\u00e1ri D\u00e9li Ipari Parkon bel\u00fcl\u00a0ker\u00fclt fel\u00e9p\u00edt\u00e9sre, az M7 aut\u00f3p\u00e1lya fel\u0151l a 8. sz\u00e1m\u00fa f\u0151 k\u00f6zleked\u00e9si \u00faton ki\u00e9p\u00edtett k\u00f6rforgalmon kereszt\u00fcl k\u00f6zel\u00edthet\u0151 meg.<\/div>\n<div>A rakt\u00e1r alapter\u00fclete 4120 m2, ami a sz\u00e1ll\u00edt\u00f3j\u00e1rm\u0171vek sz\u00e1m\u00e1ra 9 db szekcion\u00e1lt kapun kereszt\u00fcl k\u00f6zel\u00edthet\u0151 meg.<\/div>\n<div>A rakt\u00e1rtechnol\u00f3gia a SALMAX t\u00edpus\u00fa Salg\u00f3 Maxi raklapos rendszerrel val\u00f3sult meg.<\/div>\n<div>A projekt keret\u00e9ben 7 db targonca, 4 db palettasz\u00e1ll\u00edt\u00f3, raklapf\u00f3li\u00e1z\u00f3 \u00e9s az informatikai h\u00e1tt\u00e9r is\u00a0\u00a0beszerz\u00e9sre ker\u00fclt.<\/div>\n<\/div>\n","protected":false},"excerpt":{"rendered":"<p>A 2000-ben l\u00e9tes\u00edtett D\u00e9li Ipari Parkon bel\u00fcl, az I. sz\u00e1m\u00fa Inkub\u00e1torh\u00e1z mellett \u00e9p\u00edtett\u00fcnk fel,\u00a0a mai\u00a0kor m\u0171szaki\u00a0k\u00f6vetelm\u00e9nyeinek mindenben\u00a0megfelel\u0151, logisztikai csarnokot. \u00c1tad\u00e1s \u00e9ve: 2009 A projekt az Eur\u00f3pai Uni\u00f3 t\u00e1mogat\u00e1s\u00e1val, az Eur\u00f3pai region\u00e1lis Fejleszt\u00e9si Alap t\u00e1rsfinansz\u00edroz\u00e1s\u00e1val val\u00f3sult meg. A megp\u00e1ly\u00e1zott projekt neve: &hellip; <a href=\"http:\/\/www.keszpenz.hu\/?p=506\">Continue reading <span class=\"meta-nav\">&rarr;<\/span><\/a><\/p>\n","protected":false},"author":1,"featured_media":744,"comment_status":"closed","ping_status":"closed","sticky":false,"template":"","format":"standard","meta":[],"categories":[37],"tags":[],"_links":{"self":[{"href":"http:\/\/www.keszpenz.hu\/index.php?rest_route=\/wp\/v2\/posts\/506"}],"collection":[{"href":"http:\/\/www.keszpenz.hu\/index.php?rest_route=\/wp\/v2\/posts"}],"about":[{"href":"http:\/\/www.keszpenz.hu\/index.php?rest_route=\/wp\/v2\/types\/post"}],"author":[{"embeddable":true,"href":"http:\/\/www.keszpenz.hu\/index.php?rest_route=\/wp\/v2\/users\/1"}],"replies":[{"embeddable":true,"href":"http:\/\/www.keszpenz.hu\/index.php?rest_route=%2Fwp%2Fv2%2Fcomments&post=506"}],"version-history":[{"count":2,"href":"http:\/\/www.keszpenz.hu\/index.php?rest_route=\/wp\/v2\/posts\/506\/revisions"}],"predecessor-version":[{"id":508,"href":"http:\/\/www.keszpenz.hu\/index.php?rest_route=\/wp\/v2\/posts\/506\/revisions\/508"}],"wp:featuredmedia":[{"embeddable":true,"href":"http:\/\/www.keszpenz.hu\/index.php?rest_route=\/wp\/v2\/media\/744"}],"wp:attachment":[{"href":"http:\/\/www.keszpenz.hu\/index.php?rest_route=%2Fwp%2Fv2%2Fmedia&parent=506"}],"wp:term":[{"taxonomy":"category","embeddable":true,"href":"http:\/\/www.keszpenz.hu\/index.php?rest_route=%2Fwp%2Fv2%2Fcategories&post=506"},{"taxonomy":"post_tag","embeddable":true,"href":"http:\/\/www.keszpenz.hu\/index.php?rest_route=%2Fwp%2Fv2%2Ftags&post=506"}],"curies":[{"name":"wp","href":"https:\/\/api.w.org\/{rel}","templated":true}]}}